{"id":1389,"date":"2020-06-06T22:03:00","date_gmt":"2020-06-06T20:03:00","guid":{"rendered":"https:\/\/schaeferhund-traubeneiche.de\/?p=1389"},"modified":"2022-02-23T20:00:37","modified_gmt":"2022-02-23T19:00:37","slug":"koerung-in-rochlitz-2020","status":"publish","type":"post","link":"https:\/\/schaeferhund-traubeneiche.de\/en\/news\/koerung-in-rochlitz-2020\/","title":{"rendered":"Licensing in Rochlitz 2020"},"content":{"rendered":"<p><strong> 3 dogs were presented for re-approval.<\/strong><\/p>\n\n\n\n<p><strong>1. &quot;Tina von der Sessile Oak&quot; was licensed for life.<\/strong><\/p>\n\n\n\n<p><strong>2. &quot;Shadow von der Sessile Oak&quot; was licensed for life.<\/strong><\/p>\n\n\n\n<p><strong>3. &quot;Dares vom Schlo\u00dfsee&quot; was licensed for life.<\/strong><\/p>\n\n\n\n<figure class=\"wp-block-gallery has-nested-images columns-default is-cropped wp-block-gallery-1 is-layout-flex wp-block-gallery-is-layout-flex\">\n<figure class=\"wp-block-image size-large\"><a  href=\"https:\/\/schaeferhund-traubeneiche.de\/wp-content\/uploads\/2022\/02\/tina-von-der-traubeneiche-koerung-rochlitz-2020.jpg\" data-rel=\"lightbox-gallery-0\" data-rl_title=\"\" data-rl_caption=\"\" title=\"\"><img fetchpriority=\"high\" decoding=\"async\" width=\"839\" height=\"1024\" data-id=\"1471\" src=\"https:\/\/schaeferhund-traubeneiche.de\/wp-content\/uploads\/2022\/02\/tina-von-der-traubeneiche-koerung-rochlitz-2020-839x1024.jpg\" alt=\"\" class=\"wp-image-1471\" srcset=\"https:\/\/schaeferhund-traubeneiche.de\/wp-content\/uploads\/2022\/02\/tina-von-der-traubeneiche-koerung-rochlitz-2020-839x1024.jpg 839w, https:\/\/schaeferhund-traubeneiche.de\/wp-content\/uploads\/2022\/02\/tina-von-der-traubeneiche-koerung-rochlitz-2020-246x300.jpg 246w, https:\/\/schaeferhund-traubeneiche.de\/wp-content\/uploads\/2022\/02\/tina-von-der-traubeneiche-koerung-rochlitz-2020-768x937.jpg 768w, https:\/\/schaeferhund-traubeneiche.de\/wp-content\/uploads\/2022\/02\/tina-von-der-traubeneiche-koerung-rochlitz-2020-10x12.jpg 10w, https:\/\/schaeferhund-traubeneiche.de\/wp-content\/uploads\/2022\/02\/tina-von-der-traubeneiche-koerung-rochlitz-2020.jpg 1070w\" sizes=\"(max-width: 839px) 100vw, 839px\" \/><\/a><\/figure>\n\n\n\n<figure class=\"wp-block-image size-large\"><a  href=\"https:\/\/schaeferhund-traubeneiche.de\/wp-content\/uploads\/2022\/02\/shadow-von-der-traubeneiche-koerung-rochlitz-2020.jpg\" data-rel=\"lightbox-gallery-0\" data-rl_title=\"\" data-rl_caption=\"\" title=\"\"><img decoding=\"async\" width=\"878\" height=\"1024\" data-id=\"1473\" src=\"https:\/\/schaeferhund-traubeneiche.de\/wp-content\/uploads\/2022\/02\/shadow-von-der-traubeneiche-koerung-rochlitz-2020-878x1024.jpg\" alt=\"\" class=\"wp-image-1473\" srcset=\"https:\/\/schaeferhund-traubeneiche.de\/wp-content\/uploads\/2022\/02\/shadow-von-der-traubeneiche-koerung-rochlitz-2020-878x1024.jpg 878w, https:\/\/schaeferhund-traubeneiche.de\/wp-content\/uploads\/2022\/02\/shadow-von-der-traubeneiche-koerung-rochlitz-2020-257x300.jpg 257w, https:\/\/schaeferhund-traubeneiche.de\/wp-content\/uploads\/2022\/02\/shadow-von-der-traubeneiche-koerung-rochlitz-2020-768x896.jpg 768w, https:\/\/schaeferhund-traubeneiche.de\/wp-content\/uploads\/2022\/02\/shadow-von-der-traubeneiche-koerung-rochlitz-2020-10x12.jpg 10w, https:\/\/schaeferhund-traubeneiche.de\/wp-content\/uploads\/2022\/02\/shadow-von-der-traubeneiche-koerung-rochlitz-2020.jpg 954w\" sizes=\"(max-width: 878px) 100vw, 878px\" \/><\/a><\/figure>\n\n\n\n<figure class=\"wp-block-image size-large\"><a  href=\"https:\/\/schaeferhund-traubeneiche.de\/wp-content\/uploads\/2022\/02\/dares-vom-schlosssee-koerung-rochlitz-2020.jpg\" data-rel=\"lightbox-gallery-0\" data-rl_title=\"\" data-rl_caption=\"\" title=\"\"><img decoding=\"async\" width=\"1008\" height=\"567\" data-id=\"1472\" src=\"https:\/\/schaeferhund-traubeneiche.de\/wp-content\/uploads\/2022\/02\/dares-vom-schlosssee-koerung-rochlitz-2020.jpg\" alt=\"\" class=\"wp-image-1472\" srcset=\"https:\/\/schaeferhund-traubeneiche.de\/wp-content\/uploads\/2022\/02\/dares-vom-schlosssee-koerung-rochlitz-2020.jpg 1008w, https:\/\/schaeferhund-traubeneiche.de\/wp-content\/uploads\/2022\/02\/dares-vom-schlosssee-koerung-rochlitz-2020-300x169.jpg 300w, https:\/\/schaeferhund-traubeneiche.de\/wp-content\/uploads\/2022\/02\/dares-vom-schlosssee-koerung-rochlitz-2020-768x432.jpg 768w, https:\/\/schaeferhund-traubeneiche.de\/wp-content\/uploads\/2022\/02\/dares-vom-schlosssee-koerung-rochlitz-2020-18x10.jpg 18w\" sizes=\"(max-width: 1008px) 100vw, 1008px\" \/><\/a><\/figure>\n<\/figure>","protected":false},"excerpt":{"rendered":"<p>Es wurden 3 Hunde zur Wiederank\u00f6rung vorgestellt. 1. &#8222;Tina von der Traubeneiche&#8220; wurde angek\u00f6rt auf Lebenszeit. 2. &#8222;Shadow von der Traubeneiche&#8220; wurde angek\u00f6rt auf Lebenszeit. 3. &#8222;Dares vom Schlo\u00dfsee&#8220; wurde angek\u00f6rt auf Lebenszeit.<\/p>","protected":false},"author":2,"featured_media":1469,"comment_status":"closed","ping_status":"open","sticky":false,"template":"","format":"standard","meta":{"site-sidebar-layout":"default","site-content-layout":"","ast-site-content-layout":"","site-content-style":"default","site-sidebar-style":"default","ast-global-header-display":"","ast-banner-title-visibility":"","ast-main-header-display":"","ast-hfb-above-header-display":"","ast-hfb-below-header-display":"","ast-hfb-mobile-header-display":"","site-post-title":"","ast-breadcrumbs-content":"","ast-featured-img":"","footer-sml-layout":"","theme-transparent-header-meta":"","adv-header-id-meta":"","stick-header-meta":"","header-above-stick-meta":"","header-main-stick-meta":"","header-below-stick-meta":"","astra-migrate-meta-layouts":"default","ast-page-background-enabled":"default","ast-page-background-meta":{"desktop":{"background-color":"var(--ast-global-color-4)","background-image":"","background-repeat":"repeat","background-position":"center center","background-size":"auto","background-attachment":"scroll","background-type":"","background-media":"","overlay-type":"","overlay-color":"","overlay-opacity":"","overlay-gradient":""},"tablet":{"background-color":"","background-image":"","background-repeat":"repeat","background-position":"center center","background-size":"auto","background-attachment":"scroll","background-type":"","background-media":"","overlay-type":"","overlay-color":"","overlay-opacity":"","overlay-gradient":""},"mobile":{"background-color":"","background-image":"","background-repeat":"repeat","background-position":"center center","background-size":"auto","background-attachment":"scroll","background-type":"","background-media":"","overlay-type":"","overlay-color":"","overlay-opacity":"","overlay-gradient":""}},"ast-content-background-meta":{"desktop":{"background-color":"var(--ast-global-color-5)","background-image":"","background-repeat":"repeat","background-position":"center center","background-size":"auto","background-attachment":"scroll","background-type":"","background-media":"","overlay-type":"","overlay-color":"","overlay-opacity":"","overlay-gradient":""},"tablet":{"background-color":"var(--ast-global-color-5)","background-image":"","background-repeat":"repeat","background-position":"center center","background-size":"auto","background-attachment":"scroll","background-type":"","background-media":"","overlay-type":"","overlay-color":"","overlay-opacity":"","overlay-gradient":""},"mobile":{"background-color":"var(--ast-global-color-5)","background-image":"","background-repeat":"repeat","background-position":"center center","background-size":"auto","background-attachment":"scroll","background-type":"","background-media":"","overlay-type":"","overlay-color":"","overlay-opacity":"","overlay-gradient":""}},"footnotes":""},"categories":[6],"tags":[],"yoast_head":"<!-- This site is optimized with the Yoast SEO plugin v22.9 - https:\/\/yoast.com\/wordpress\/plugins\/seo\/ -->\n<title>K\u00f6rung in Rochlitz 2020 - Schaeferhund-Traubeneiche<\/title>\n<meta name=\"description\" content=\"Es wurden 3 Hunde zur Wiederank\u00f6rung vorgestellt. 1. &quot;Tina von der Traubeneiche&quot; wurde angek\u00f6rt auf Lebenszeit. 2. &quot;Shadow von der Traubeneiche&quot; wurde\" \/>\n<meta name=\"robots\" content=\"index, follow, max-snippet:-1, max-image-preview:large, max-video-preview:-1\" \/>\n<link rel=\"canonical\" href=\"https:\/\/schaeferhund-traubeneiche.de\/en\/news\/koerung-in-rochlitz-2020\/\" \/>\n<meta property=\"og:locale\" content=\"en_US\" \/>\n<meta property=\"og:type\" content=\"article\" \/>\n<meta property=\"og:title\" content=\"K\u00f6rung in Rochlitz 2020 - Schaeferhund-Traubeneiche\" \/>\n<meta property=\"og:description\" content=\"Es wurden 3 Hunde zur Wiederank\u00f6rung vorgestellt. 1. &quot;Tina von der Traubeneiche&quot; wurde angek\u00f6rt auf Lebenszeit. 2. &quot;Shadow von der Traubeneiche&quot; wurde\" \/>\n<meta property=\"og:url\" content=\"https:\/\/schaeferhund-traubeneiche.de\/en\/news\/koerung-in-rochlitz-2020\/\" \/>\n<meta property=\"og:site_name\" content=\"Schaeferhund-Traubeneiche\" \/>\n<meta property=\"article:published_time\" content=\"2020-06-06T20:03:00+00:00\" \/>\n<meta property=\"article:modified_time\" content=\"2022-02-23T19:00:37+00:00\" \/>\n<meta property=\"og:image\" content=\"https:\/\/schaeferhund-traubeneiche.de\/wp-content\/uploads\/2020\/06\/koerung-rochlitz-2020.jpg\" \/>\n\t<meta property=\"og:image:width\" content=\"1200\" \/>\n\t<meta property=\"og:image:height\" content=\"501\" \/>\n\t<meta property=\"og:image:type\" content=\"image\/jpeg\" \/>\n<meta name=\"author\" content=\"elli\" \/>\n<meta name=\"twitter:card\" content=\"summary_large_image\" \/>\n<meta name=\"twitter:label1\" content=\"Written by\" \/>\n\t<meta name=\"twitter:data1\" content=\"elli\" \/>\n\t<meta name=\"twitter:label2\" content=\"Est. reading time\" \/>\n\t<meta name=\"twitter:data2\" content=\"1 minute\" \/>\n<script type=\"application\/ld+json\" class=\"yoast-schema-graph\">{\"@context\":\"https:\/\/schema.org\",\"@graph\":[{\"@type\":\"Article\",\"@id\":\"https:\/\/schaeferhund-traubeneiche.de\/news\/koerung-in-rochlitz-2020\/#article\",\"isPartOf\":{\"@id\":\"https:\/\/schaeferhund-traubeneiche.de\/news\/koerung-in-rochlitz-2020\/\"},\"author\":{\"name\":\"elli\",\"@id\":\"https:\/\/schaeferhund-traubeneiche.de\/#\/schema\/person\/69a7b2e9c15cd22c09f6e2ceb429e20e\"},\"headline\":\"K\u00f6rung in Rochlitz 2020\",\"datePublished\":\"2020-06-06T20:03:00+00:00\",\"dateModified\":\"2022-02-23T19:00:37+00:00\",\"mainEntityOfPage\":{\"@id\":\"https:\/\/schaeferhund-traubeneiche.de\/news\/koerung-in-rochlitz-2020\/\"},\"wordCount\":38,\"publisher\":{\"@id\":\"https:\/\/schaeferhund-traubeneiche.de\/#organization\"},\"image\":{\"@id\":\"https:\/\/schaeferhund-traubeneiche.de\/news\/koerung-in-rochlitz-2020\/#primaryimage\"},\"thumbnailUrl\":\"https:\/\/schaeferhund-traubeneiche.de\/wp-content\/uploads\/2020\/06\/koerung-rochlitz-2020.jpg\",\"articleSection\":[\"News\"],\"inLanguage\":\"en-US\"},{\"@type\":\"WebPage\",\"@id\":\"https:\/\/schaeferhund-traubeneiche.de\/news\/koerung-in-rochlitz-2020\/\",\"url\":\"https:\/\/schaeferhund-traubeneiche.de\/news\/koerung-in-rochlitz-2020\/\",\"name\":\"K\u00f6rung in Rochlitz 2020 - Schaeferhund-Traubeneiche\",\"isPartOf\":{\"@id\":\"https:\/\/schaeferhund-traubeneiche.de\/#website\"},\"primaryImageOfPage\":{\"@id\":\"https:\/\/schaeferhund-traubeneiche.de\/news\/koerung-in-rochlitz-2020\/#primaryimage\"},\"image\":{\"@id\":\"https:\/\/schaeferhund-traubeneiche.de\/news\/koerung-in-rochlitz-2020\/#primaryimage\"},\"thumbnailUrl\":\"https:\/\/schaeferhund-traubeneiche.de\/wp-content\/uploads\/2020\/06\/koerung-rochlitz-2020.jpg\",\"datePublished\":\"2020-06-06T20:03:00+00:00\",\"dateModified\":\"2022-02-23T19:00:37+00:00\",\"description\":\"Es wurden 3 Hunde zur Wiederank\u00f6rung vorgestellt. 1. \\\"Tina von der Traubeneiche\\\" wurde angek\u00f6rt auf Lebenszeit. 2. \\\"Shadow von der Traubeneiche\\\" wurde\",\"breadcrumb\":{\"@id\":\"https:\/\/schaeferhund-traubeneiche.de\/news\/koerung-in-rochlitz-2020\/#breadcrumb\"},\"inLanguage\":\"en-US\",\"potentialAction\":[{\"@type\":\"ReadAction\",\"target\":[\"https:\/\/schaeferhund-traubeneiche.de\/news\/koerung-in-rochlitz-2020\/\"]}]},{\"@type\":\"ImageObject\",\"inLanguage\":\"en-US\",\"@id\":\"https:\/\/schaeferhund-traubeneiche.de\/news\/koerung-in-rochlitz-2020\/#primaryimage\",\"url\":\"https:\/\/schaeferhund-traubeneiche.de\/wp-content\/uploads\/2020\/06\/koerung-rochlitz-2020.jpg\",\"contentUrl\":\"https:\/\/schaeferhund-traubeneiche.de\/wp-content\/uploads\/2020\/06\/koerung-rochlitz-2020.jpg\",\"width\":1200,\"height\":501},{\"@type\":\"BreadcrumbList\",\"@id\":\"https:\/\/schaeferhund-traubeneiche.de\/news\/koerung-in-rochlitz-2020\/#breadcrumb\",\"itemListElement\":[{\"@type\":\"ListItem\",\"position\":1,\"name\":\"Startseite\",\"item\":\"https:\/\/schaeferhund-traubeneiche.de\/\"},{\"@type\":\"ListItem\",\"position\":2,\"name\":\"K\u00f6rung in Rochlitz 2020\"}]},{\"@type\":\"WebSite\",\"@id\":\"https:\/\/schaeferhund-traubeneiche.de\/#website\",\"url\":\"https:\/\/schaeferhund-traubeneiche.de\/\",\"name\":\"Schaeferhund-Traubeneiche\",\"description\":\"Homepage vom Zwinger von der Traubeneiche. Erstellt von Dieter Barsch.Zuchtst\u00e4tte f\u00fcr Deutsche Sch\u00e4ferhunde, DSH, Sporthund, Familienhund, Beh\u00f6rdenhund, Leistungszucht,Welpen, Sch\u00e4ferhundwelpen, Sch\u00e4ferhundzuch\",\"publisher\":{\"@id\":\"https:\/\/schaeferhund-traubeneiche.de\/#organization\"},\"potentialAction\":[{\"@type\":\"SearchAction\",\"target\":{\"@type\":\"EntryPoint\",\"urlTemplate\":\"https:\/\/schaeferhund-traubeneiche.de\/?s={search_term_string}\"},\"query-input\":\"required name=search_term_string\"}],\"inLanguage\":\"en-US\"},{\"@type\":\"Organization\",\"@id\":\"https:\/\/schaeferhund-traubeneiche.de\/#organization\",\"name\":\"Schaeferhund-Traubeneiche\",\"url\":\"https:\/\/schaeferhund-traubeneiche.de\/\",\"logo\":{\"@type\":\"ImageObject\",\"inLanguage\":\"en-US\",\"@id\":\"https:\/\/schaeferhund-traubeneiche.de\/#\/schema\/logo\/image\/\",\"url\":\"https:\/\/schaeferhund-traubeneiche.de\/wp-content\/uploads\/2022\/02\/zwinger-von-der-traubeneiche-2.jpg\",\"contentUrl\":\"https:\/\/schaeferhund-traubeneiche.de\/wp-content\/uploads\/2022\/02\/zwinger-von-der-traubeneiche-2.jpg\",\"width\":1200,\"height\":558,\"caption\":\"Schaeferhund-Traubeneiche\"},\"image\":{\"@id\":\"https:\/\/schaeferhund-traubeneiche.de\/#\/schema\/logo\/image\/\"}},{\"@type\":\"Person\",\"@id\":\"https:\/\/schaeferhund-traubeneiche.de\/#\/schema\/person\/69a7b2e9c15cd22c09f6e2ceb429e20e\",\"name\":\"elli\",\"image\":{\"@type\":\"ImageObject\",\"inLanguage\":\"en-US\",\"@id\":\"https:\/\/schaeferhund-traubeneiche.de\/#\/schema\/person\/image\/\",\"url\":\"https:\/\/secure.gravatar.com\/avatar\/42e0dade647d19412d2d2e443d1ece3a?s=96&d=mm&r=g\",\"contentUrl\":\"https:\/\/secure.gravatar.com\/avatar\/42e0dade647d19412d2d2e443d1ece3a?s=96&d=mm&r=g\",\"caption\":\"elli\"},\"url\":\"https:\/\/schaeferhund-traubeneiche.de\/en\/author\/elli\/\"}]}<\/script>\n<!-- \/ Yoast SEO plugin. -->","yoast_head_json":{"title":"K\u00f6rung in Rochlitz 2020 - Schaeferhund-Traubeneiche","description":"Es wurden 3 Hunde zur Wiederank\u00f6rung vorgestellt. 1. \"Tina von der Traubeneiche\" wurde angek\u00f6rt auf Lebenszeit. 2. \"Shadow von der Traubeneiche\" wurde","robots":{"index":"index","follow":"follow","max-snippet":"max-snippet:-1","max-image-preview":"max-image-preview:large","max-video-preview":"max-video-preview:-1"},"canonical":"https:\/\/schaeferhund-traubeneiche.de\/en\/news\/koerung-in-rochlitz-2020\/","og_locale":"en_US","og_type":"article","og_title":"K\u00f6rung in Rochlitz 2020 - Schaeferhund-Traubeneiche","og_description":"Es wurden 3 Hunde zur Wiederank\u00f6rung vorgestellt. 1. \"Tina von der Traubeneiche\" wurde angek\u00f6rt auf Lebenszeit. 2. \"Shadow von der Traubeneiche\" wurde","og_url":"https:\/\/schaeferhund-traubeneiche.de\/en\/news\/koerung-in-rochlitz-2020\/","og_site_name":"Schaeferhund-Traubeneiche","article_published_time":"2020-06-06T20:03:00+00:00","article_modified_time":"2022-02-23T19:00:37+00:00","og_image":[{"width":1200,"height":501,"url":"https:\/\/schaeferhund-traubeneiche.de\/wp-content\/uploads\/2020\/06\/koerung-rochlitz-2020.jpg","type":"image\/jpeg"}],"author":"elli","twitter_card":"summary_large_image","twitter_misc":{"Written by":"elli","Est. reading time":"1 minute"},"schema":{"@context":"https:\/\/schema.org","@graph":[{"@type":"Article","@id":"https:\/\/schaeferhund-traubeneiche.de\/news\/koerung-in-rochlitz-2020\/#article","isPartOf":{"@id":"https:\/\/schaeferhund-traubeneiche.de\/news\/koerung-in-rochlitz-2020\/"},"author":{"name":"elli","@id":"https:\/\/schaeferhund-traubeneiche.de\/#\/schema\/person\/69a7b2e9c15cd22c09f6e2ceb429e20e"},"headline":"K\u00f6rung in Rochlitz 2020","datePublished":"2020-06-06T20:03:00+00:00","dateModified":"2022-02-23T19:00:37+00:00","mainEntityOfPage":{"@id":"https:\/\/schaeferhund-traubeneiche.de\/news\/koerung-in-rochlitz-2020\/"},"wordCount":38,"publisher":{"@id":"https:\/\/schaeferhund-traubeneiche.de\/#organization"},"image":{"@id":"https:\/\/schaeferhund-traubeneiche.de\/news\/koerung-in-rochlitz-2020\/#primaryimage"},"thumbnailUrl":"https:\/\/schaeferhund-traubeneiche.de\/wp-content\/uploads\/2020\/06\/koerung-rochlitz-2020.jpg","articleSection":["News"],"inLanguage":"en-US"},{"@type":"WebPage","@id":"https:\/\/schaeferhund-traubeneiche.de\/news\/koerung-in-rochlitz-2020\/","url":"https:\/\/schaeferhund-traubeneiche.de\/news\/koerung-in-rochlitz-2020\/","name":"K\u00f6rung in Rochlitz 2020 - Schaeferhund-Traubeneiche","isPartOf":{"@id":"https:\/\/schaeferhund-traubeneiche.de\/#website"},"primaryImageOfPage":{"@id":"https:\/\/schaeferhund-traubeneiche.de\/news\/koerung-in-rochlitz-2020\/#primaryimage"},"image":{"@id":"https:\/\/schaeferhund-traubeneiche.de\/news\/koerung-in-rochlitz-2020\/#primaryimage"},"thumbnailUrl":"https:\/\/schaeferhund-traubeneiche.de\/wp-content\/uploads\/2020\/06\/koerung-rochlitz-2020.jpg","datePublished":"2020-06-06T20:03:00+00:00","dateModified":"2022-02-23T19:00:37+00:00","description":"Es wurden 3 Hunde zur Wiederank\u00f6rung vorgestellt. 1. \"Tina von der Traubeneiche\" wurde angek\u00f6rt auf Lebenszeit. 2. \"Shadow von der Traubeneiche\" wurde","breadcrumb":{"@id":"https:\/\/schaeferhund-traubeneiche.de\/news\/koerung-in-rochlitz-2020\/#breadcrumb"},"inLanguage":"en-US","potentialAction":[{"@type":"ReadAction","target":["https:\/\/schaeferhund-traubeneiche.de\/news\/koerung-in-rochlitz-2020\/"]}]},{"@type":"ImageObject","inLanguage":"en-US","@id":"https:\/\/schaeferhund-traubeneiche.de\/news\/koerung-in-rochlitz-2020\/#primaryimage","url":"https:\/\/schaeferhund-traubeneiche.de\/wp-content\/uploads\/2020\/06\/koerung-rochlitz-2020.jpg","contentUrl":"https:\/\/schaeferhund-traubeneiche.de\/wp-content\/uploads\/2020\/06\/koerung-rochlitz-2020.jpg","width":1200,"height":501},{"@type":"BreadcrumbList","@id":"https:\/\/schaeferhund-traubeneiche.de\/news\/koerung-in-rochlitz-2020\/#breadcrumb","itemListElement":[{"@type":"ListItem","position":1,"name":"Startseite","item":"https:\/\/schaeferhund-traubeneiche.de\/"},{"@type":"ListItem","position":2,"name":"K\u00f6rung in Rochlitz 2020"}]},{"@type":"WebSite","@id":"https:\/\/schaeferhund-traubeneiche.de\/#website","url":"https:\/\/schaeferhund-traubeneiche.de\/","name":"Schaeferhund-Traubeneiche","description":"Homepage vom Zwinger von der Traubeneiche. Erstellt von Dieter Barsch.Zuchtst\u00e4tte f\u00fcr Deutsche Sch\u00e4ferhunde, DSH, Sporthund, Familienhund, Beh\u00f6rdenhund, Leistungszucht,Welpen, Sch\u00e4ferhundwelpen, Sch\u00e4ferhundzuch","publisher":{"@id":"https:\/\/schaeferhund-traubeneiche.de\/#organization"},"potentialAction":[{"@type":"SearchAction","target":{"@type":"EntryPoint","urlTemplate":"https:\/\/schaeferhund-traubeneiche.de\/?s={search_term_string}"},"query-input":"required name=search_term_string"}],"inLanguage":"en-US"},{"@type":"Organization","@id":"https:\/\/schaeferhund-traubeneiche.de\/#organization","name":"Schaeferhund-Traubeneiche","url":"https:\/\/schaeferhund-traubeneiche.de\/","logo":{"@type":"ImageObject","inLanguage":"en-US","@id":"https:\/\/schaeferhund-traubeneiche.de\/#\/schema\/logo\/image\/","url":"https:\/\/schaeferhund-traubeneiche.de\/wp-content\/uploads\/2022\/02\/zwinger-von-der-traubeneiche-2.jpg","contentUrl":"https:\/\/schaeferhund-traubeneiche.de\/wp-content\/uploads\/2022\/02\/zwinger-von-der-traubeneiche-2.jpg","width":1200,"height":558,"caption":"Schaeferhund-Traubeneiche"},"image":{"@id":"https:\/\/schaeferhund-traubeneiche.de\/#\/schema\/logo\/image\/"}},{"@type":"Person","@id":"https:\/\/schaeferhund-traubeneiche.de\/#\/schema\/person\/69a7b2e9c15cd22c09f6e2ceb429e20e","name":"elli","image":{"@type":"ImageObject","inLanguage":"en-US","@id":"https:\/\/schaeferhund-traubeneiche.de\/#\/schema\/person\/image\/","url":"https:\/\/secure.gravatar.com\/avatar\/42e0dade647d19412d2d2e443d1ece3a?s=96&d=mm&r=g","contentUrl":"https:\/\/secure.gravatar.com\/avatar\/42e0dade647d19412d2d2e443d1ece3a?s=96&d=mm&r=g","caption":"elli"},"url":"https:\/\/schaeferhund-traubeneiche.de\/en\/author\/elli\/"}]}},"_links":{"self":[{"href":"https:\/\/schaeferhund-traubeneiche.de\/en\/wp-json\/wp\/v2\/posts\/1389"}],"collection":[{"href":"https:\/\/schaeferhund-traubeneiche.de\/en\/wp-json\/wp\/v2\/posts"}],"about":[{"href":"https:\/\/schaeferhund-traubeneiche.de\/en\/wp-json\/wp\/v2\/types\/post"}],"author":[{"embeddable":true,"href":"https:\/\/schaeferhund-traubeneiche.de\/en\/wp-json\/wp\/v2\/users\/2"}],"replies":[{"embeddable":true,"href":"https:\/\/schaeferhund-traubeneiche.de\/en\/wp-json\/wp\/v2\/comments?post=1389"}],"version-history":[{"count":0,"href":"https:\/\/schaeferhund-traubeneiche.de\/en\/wp-json\/wp\/v2\/posts\/1389\/revisions"}],"wp:featuredmedia":[{"embeddable":true,"href":"https:\/\/schaeferhund-traubeneiche.de\/en\/wp-json\/wp\/v2\/media\/1469"}],"wp:attachment":[{"href":"https:\/\/schaeferhund-traubeneiche.de\/en\/wp-json\/wp\/v2\/media?parent=1389"}],"wp:term":[{"taxonomy":"category","embeddable":true,"href":"https:\/\/schaeferhund-traubeneiche.de\/en\/wp-json\/wp\/v2\/categories?post=1389"},{"taxonomy":"post_tag","embeddable":true,"href":"https:\/\/schaeferhund-traubeneiche.de\/en\/wp-json\/wp\/v2\/tags?post=1389"}],"curies":[{"name":"wp","href":"https:\/\/api.w.org\/{rel}","templated":true}]}}